{"id":318,"date":"2026-04-26T13:27:09","date_gmt":"2026-04-26T13:27:09","guid":{"rendered":"http:\/\/www.trenduri.info\/cosmetica\/?p=318"},"modified":"2026-04-26T13:27:09","modified_gmt":"2026-04-26T13:27:09","slug":"masca-pentru-ten-cu-banane","status":"publish","type":"post","link":"https:\/\/www.trenduri.info\/cosmetica\/masca-pentru-ten-cu-banane","title":{"rendered":"masca pentru ten cu banane"},"content":{"rendered":"<div class=\"fcbkbttn_buttons_block\" id=\"fcbkbttn_left\"><div class=\"fcbkbttn_button\">\n\t\t\t\t\t<a href=\"https:\/\/www.facebook.com\/\" target=\"_blank\">\n\t\t\t\t\t\t<img decoding=\"async\" src=\"https:\/\/www.trenduri.info\/cosmetica\/wp-content\/plugins\/facebook-button-plugin\/images\/standard-facebook-ico.png\" alt=\"Fb-Button\" \/>\n\t\t\t\t\t<\/a>\n\t\t\t\t<\/div><div class=\"fcbkbttn_like \"><fb:like href=\"https:\/\/www.trenduri.info\/cosmetica\/masca-pentru-ten-cu-banane\" action=\"like\" colorscheme=\"light\" layout=\"standard\"  width=\"450px\" size=\"small\"><\/fb:like><\/div><\/div><p>Bananele sunt excelente in a vitaminiza si hrani tenul. Tot ele intr\u0103 \u00een componen\u0163a unor m\u0103\u015fti pentru tenul uscat. Amesteca\u0163i dou\u0103 banane mai verzi cu o lingur\u0103 cu miere \u015fi o jum\u0103tate de pahar cu iaurt. Aplica\u0163i masca pe fa\u0163\u0103 pentru 20 de minute, apoi sp\u0103la\u0163i-v\u0103 cu ap\u0103 c\u0103ldu\u0163\u0103. Aceast\u0103 masc\u0103 ajut\u0103 la prevenirea ridurilor.<br \/>\nBanana, ale c\u0103rei propriet\u0103\u0163i sunt cunoscute de sute de ani, poate fi considerat\u0103 hrana ideal\u0103, iar beneficiile ei asupra tenului sunt date de con\u0163inutul de potasiu, vitamina B6, acid folic \u015fi vitamina C.<\/p>\n<p>Iata o alta masca cu banane cu efect exfoliant: amesteca o jumatate de banana strivita cu o lingura de fulgi de ovaz. Intinde pasta pe fata si maseaza usor. Apoi lasa masca sa actioneze timp de 20 de minute. Indeparteaza totul cu un servetel si clateste fata cu apa calduta.<\/p>\n","protected":false},"excerpt":{"rendered":"<p>Bananele sunt excelente in a vitaminiza si hrani tenul. Tot ele intr\u0103 \u00een componen\u0163a unor m\u0103\u015fti pentru tenul <a href=\"https:\/\/www.trenduri.info\/cosmetica\/masca-pentru-ten-cu-banane\" rel=\"#pin-318\" class=\"whitebox more\">read more<\/a><\/p>\n","protected":false},"author":1,"featured_media":319,"comment_status":"closed","ping_status":"open","sticky":false,"template":"","format":"standard","meta":{"footnotes":""},"categories":[1],"tags":[],"class_list":["post-318","post","type-post","status-publish","format-standard","has-post-thumbnail","hentry","category-cosmetica"],"yoast_head":"<!-- This site is optimized with the Yoast SEO plugin v26.5 - https:\/\/yoast.com\/wordpress\/plugins\/seo\/ -->\n<title>masca pentru ten cu banane - Cosmetica &amp; Beauty<\/title>\n<meta name=\"description\" content=\"Bananele sunt excelente in a vitaminiza si hrani tenul. Tot ele intr\u0103 \u00een componen\u0163a unor m\u0103\u015fti pentru tenul uscat.\" \/>\n<meta name=\"robots\" content=\"index, follow, max-snippet:-1, max-image-preview:large, max-video-preview:-1\" \/>\n<link rel=\"canonical\" href=\"https:\/\/www.trenduri.info\/cosmetica\/masca-pentru-ten-cu-banane\" \/>\n<meta name=\"twitter:card\" content=\"summary_large_image\" \/>\n<meta name=\"twitter:title\" content=\"masca pentru ten cu banane - Cosmetica &amp; Beauty\" \/>\n<meta name=\"twitter:description\" content=\"Bananele sunt excelente in a vitaminiza si hrani tenul. Tot ele intr\u0103 \u00een componen\u0163a unor m\u0103\u015fti pentru tenul uscat.\" \/>\n<meta name=\"twitter:image\" content=\"https:\/\/www.trenduri.info\/cosmetica\/wp-content\/uploads\/2013\/08\/ban.jpg\" \/>\n<meta name=\"twitter:creator\" content=\"@doreloprisan\" \/>\n<meta name=\"twitter:site\" content=\"@doreloprisan\" \/>\n<meta name=\"twitter:label1\" content=\"Written by\" \/>\n\t<meta name=\"twitter:data1\" content=\"admin\" \/>\n\t<meta name=\"twitter:label2\" content=\"Est. reading time\" \/>\n\t<meta name=\"twitter:data2\" content=\"1 minute\" \/>\n<script type=\"application\/ld+json\" class=\"yoast-schema-graph\">{\"@context\":\"https:\/\/schema.org\",\"@graph\":[{\"@type\":\"WebPage\",\"@id\":\"https:\/\/www.trenduri.info\/cosmetica\/masca-pentru-ten-cu-banane\",\"url\":\"https:\/\/www.trenduri.info\/cosmetica\/masca-pentru-ten-cu-banane\",\"name\":\"masca pentru ten cu banane - Cosmetica & Beauty\",\"isPartOf\":{\"@id\":\"https:\/\/www.trenduri.info\/cosmetica\/#website\"},\"primaryImageOfPage\":{\"@id\":\"https:\/\/www.trenduri.info\/cosmetica\/masca-pentru-ten-cu-banane#primaryimage\"},\"image\":{\"@id\":\"https:\/\/www.trenduri.info\/cosmetica\/masca-pentru-ten-cu-banane#primaryimage\"},\"thumbnailUrl\":\"https:\/\/www.trenduri.info\/cosmetica\/wp-content\/uploads\/2013\/08\/ban.jpg\",\"datePublished\":\"2026-04-26T13:27:09+00:00\",\"author\":{\"@id\":\"https:\/\/www.trenduri.info\/cosmetica\/#\/schema\/person\/26daf83febc0af9bcfa934f6188029ec\"},\"description\":\"Bananele sunt excelente in a vitaminiza si hrani tenul. Tot ele intr\u0103 \u00een componen\u0163a unor m\u0103\u015fti pentru tenul uscat.\",\"breadcrumb\":{\"@id\":\"https:\/\/www.trenduri.info\/cosmetica\/masca-pentru-ten-cu-banane#breadcrumb\"},\"inLanguage\":\"en-US\",\"potentialAction\":[{\"@type\":\"ReadAction\",\"target\":[\"https:\/\/www.trenduri.info\/cosmetica\/masca-pentru-ten-cu-banane\"]}]},{\"@type\":\"ImageObject\",\"inLanguage\":\"en-US\",\"@id\":\"https:\/\/www.trenduri.info\/cosmetica\/masca-pentru-ten-cu-banane#primaryimage\",\"url\":\"https:\/\/www.trenduri.info\/cosmetica\/wp-content\/uploads\/2013\/08\/ban.jpg\",\"contentUrl\":\"https:\/\/www.trenduri.info\/cosmetica\/wp-content\/uploads\/2013\/08\/ban.jpg\",\"width\":\"299\",\"height\":\"168\"},{\"@type\":\"BreadcrumbList\",\"@id\":\"https:\/\/www.trenduri.info\/cosmetica\/masca-pentru-ten-cu-banane#breadcrumb\",\"itemListElement\":[{\"@type\":\"ListItem\",\"position\":1,\"name\":\"Home\",\"item\":\"https:\/\/www.trenduri.info\/cosmetica\"},{\"@type\":\"ListItem\",\"position\":2,\"name\":\"masca pentru ten cu banane\"}]},{\"@type\":\"WebSite\",\"@id\":\"https:\/\/www.trenduri.info\/cosmetica\/#website\",\"url\":\"https:\/\/www.trenduri.info\/cosmetica\/\",\"name\":\"Cosmetica &amp; Beauty\",\"description\":\"Foto blog cosmetica &amp; beauty\",\"potentialAction\":[{\"@type\":\"SearchAction\",\"target\":{\"@type\":\"EntryPoint\",\"urlTemplate\":\"https:\/\/www.trenduri.info\/cosmetica\/?s={search_term_string}\"},\"query-input\":{\"@type\":\"PropertyValueSpecification\",\"valueRequired\":true,\"valueName\":\"search_term_string\"}}],\"inLanguage\":\"en-US\"},{\"@type\":\"Person\",\"@id\":\"https:\/\/www.trenduri.info\/cosmetica\/#\/schema\/person\/26daf83febc0af9bcfa934f6188029ec\",\"name\":\"admin\",\"image\":{\"@type\":\"ImageObject\",\"inLanguage\":\"en-US\",\"@id\":\"https:\/\/www.trenduri.info\/cosmetica\/#\/schema\/person\/image\/\",\"url\":\"https:\/\/secure.gravatar.com\/avatar\/bbaec6a0049e8a07aaf098c3ec042162de0a33c2d861e5caa3b3e961202bd394?s=96&d=mm&r=g\",\"contentUrl\":\"https:\/\/secure.gravatar.com\/avatar\/bbaec6a0049e8a07aaf098c3ec042162de0a33c2d861e5caa3b3e961202bd394?s=96&d=mm&r=g\",\"caption\":\"admin\"},\"url\":\"https:\/\/www.trenduri.info\/cosmetica\/author\/admin\"}]}<\/script>\n<!-- \/ Yoast SEO plugin. -->","yoast_head_json":{"title":"masca pentru ten cu banane - Cosmetica & Beauty","description":"Bananele sunt excelente in a vitaminiza si hrani tenul. Tot ele intr\u0103 \u00een componen\u0163a unor m\u0103\u015fti pentru tenul uscat.","robots":{"index":"index","follow":"follow","max-snippet":"max-snippet:-1","max-image-preview":"max-image-preview:large","max-video-preview":"max-video-preview:-1"},"canonical":"https:\/\/www.trenduri.info\/cosmetica\/masca-pentru-ten-cu-banane","twitter_card":"summary_large_image","twitter_title":"masca pentru ten cu banane - Cosmetica & Beauty","twitter_description":"Bananele sunt excelente in a vitaminiza si hrani tenul. Tot ele intr\u0103 \u00een componen\u0163a unor m\u0103\u015fti pentru tenul uscat.","twitter_image":"https:\/\/www.trenduri.info\/cosmetica\/wp-content\/uploads\/2013\/08\/ban.jpg","twitter_creator":"@doreloprisan","twitter_site":"@doreloprisan","twitter_misc":{"Written by":"admin","Est. reading time":"1 minute"},"schema":{"@context":"https:\/\/schema.org","@graph":[{"@type":"WebPage","@id":"https:\/\/www.trenduri.info\/cosmetica\/masca-pentru-ten-cu-banane","url":"https:\/\/www.trenduri.info\/cosmetica\/masca-pentru-ten-cu-banane","name":"masca pentru ten cu banane - Cosmetica & Beauty","isPartOf":{"@id":"https:\/\/www.trenduri.info\/cosmetica\/#website"},"primaryImageOfPage":{"@id":"https:\/\/www.trenduri.info\/cosmetica\/masca-pentru-ten-cu-banane#primaryimage"},"image":{"@id":"https:\/\/www.trenduri.info\/cosmetica\/masca-pentru-ten-cu-banane#primaryimage"},"thumbnailUrl":"https:\/\/www.trenduri.info\/cosmetica\/wp-content\/uploads\/2013\/08\/ban.jpg","datePublished":"2026-04-26T13:27:09+00:00","author":{"@id":"https:\/\/www.trenduri.info\/cosmetica\/#\/schema\/person\/26daf83febc0af9bcfa934f6188029ec"},"description":"Bananele sunt excelente in a vitaminiza si hrani tenul. Tot ele intr\u0103 \u00een componen\u0163a unor m\u0103\u015fti pentru tenul uscat.","breadcrumb":{"@id":"https:\/\/www.trenduri.info\/cosmetica\/masca-pentru-ten-cu-banane#breadcrumb"},"inLanguage":"en-US","potentialAction":[{"@type":"ReadAction","target":["https:\/\/www.trenduri.info\/cosmetica\/masca-pentru-ten-cu-banane"]}]},{"@type":"ImageObject","inLanguage":"en-US","@id":"https:\/\/www.trenduri.info\/cosmetica\/masca-pentru-ten-cu-banane#primaryimage","url":"https:\/\/www.trenduri.info\/cosmetica\/wp-content\/uploads\/2013\/08\/ban.jpg","contentUrl":"https:\/\/www.trenduri.info\/cosmetica\/wp-content\/uploads\/2013\/08\/ban.jpg","width":"299","height":"168"},{"@type":"BreadcrumbList","@id":"https:\/\/www.trenduri.info\/cosmetica\/masca-pentru-ten-cu-banane#breadcrumb","itemListElement":[{"@type":"ListItem","position":1,"name":"Home","item":"https:\/\/www.trenduri.info\/cosmetica"},{"@type":"ListItem","position":2,"name":"masca pentru ten cu banane"}]},{"@type":"WebSite","@id":"https:\/\/www.trenduri.info\/cosmetica\/#website","url":"https:\/\/www.trenduri.info\/cosmetica\/","name":"Cosmetica &amp; Beauty","description":"Foto blog cosmetica &amp; beauty","potentialAction":[{"@type":"SearchAction","target":{"@type":"EntryPoint","urlTemplate":"https:\/\/www.trenduri.info\/cosmetica\/?s={search_term_string}"},"query-input":{"@type":"PropertyValueSpecification","valueRequired":true,"valueName":"search_term_string"}}],"inLanguage":"en-US"},{"@type":"Person","@id":"https:\/\/www.trenduri.info\/cosmetica\/#\/schema\/person\/26daf83febc0af9bcfa934f6188029ec","name":"admin","image":{"@type":"ImageObject","inLanguage":"en-US","@id":"https:\/\/www.trenduri.info\/cosmetica\/#\/schema\/person\/image\/","url":"https:\/\/secure.gravatar.com\/avatar\/bbaec6a0049e8a07aaf098c3ec042162de0a33c2d861e5caa3b3e961202bd394?s=96&d=mm&r=g","contentUrl":"https:\/\/secure.gravatar.com\/avatar\/bbaec6a0049e8a07aaf098c3ec042162de0a33c2d861e5caa3b3e961202bd394?s=96&d=mm&r=g","caption":"admin"},"url":"https:\/\/www.trenduri.info\/cosmetica\/author\/admin"}]}},"_links":{"self":[{"href":"https:\/\/www.trenduri.info\/cosmetica\/wp-json\/wp\/v2\/posts\/318","targetHints":{"allow":["GET"]}}],"collection":[{"href":"https:\/\/www.trenduri.info\/cosmetica\/wp-json\/wp\/v2\/posts"}],"about":[{"href":"https:\/\/www.trenduri.info\/cosmetica\/wp-json\/wp\/v2\/types\/post"}],"author":[{"embeddable":true,"href":"https:\/\/www.trenduri.info\/cosmetica\/wp-json\/wp\/v2\/users\/1"}],"replies":[{"embeddable":true,"href":"https:\/\/www.trenduri.info\/cosmetica\/wp-json\/wp\/v2\/comments?post=318"}],"version-history":[{"count":4,"href":"https:\/\/www.trenduri.info\/cosmetica\/wp-json\/wp\/v2\/posts\/318\/revisions"}],"predecessor-version":[{"id":323,"href":"https:\/\/www.trenduri.info\/cosmetica\/wp-json\/wp\/v2\/posts\/318\/revisions\/323"}],"wp:featuredmedia":[{"embeddable":true,"href":"https:\/\/www.trenduri.info\/cosmetica\/wp-json\/wp\/v2\/media\/319"}],"wp:attachment":[{"href":"https:\/\/www.trenduri.info\/cosmetica\/wp-json\/wp\/v2\/media?parent=318"}],"wp:term":[{"taxonomy":"category","embeddable":true,"href":"https:\/\/www.trenduri.info\/cosmetica\/wp-json\/wp\/v2\/categories?post=318"},{"taxonomy":"post_tag","embeddable":true,"href":"https:\/\/www.trenduri.info\/cosmetica\/wp-json\/wp\/v2\/tags?post=318"}],"curies":[{"name":"wp","href":"https:\/\/api.w.org\/{rel}","templated":true}]}}